{"id":5681,"date":"2023-07-29T10:27:00","date_gmt":"2023-07-29T08:27:00","guid":{"rendered":"https:\/\/www.kunstloft.de\/magazin\/?p=5681"},"modified":"2023-08-28T17:05:06","modified_gmt":"2023-08-28T15:05:06","slug":"mona-lisa-louvre-beruehmt","status":"publish","type":"post","link":"https:\/\/www.kunstloft.at\/magazin\/mona-lisa-louvre-beruehmt\/","title":{"rendered":"Warum ist die Mona Lisa so ber\u00fchmt?"},"content":{"rendered":"\t\t<div data-elementor-type=\"wp-post\" data-elementor-id=\"5681\" class=\"elementor elementor-5681\">\n\t\t\t\t\t\t<section class=\"elementor-section elementor-top-section elementor-element elementor-element-b467d02 elementor-section-boxed elementor-section-height-default elementor-section-height-default\" data-id=\"b467d02\" data-element_type=\"section\">\n\t\t\t\t\t\t<div class=\"elementor-container elementor-column-gap-default\">\n\t\t\t\t\t<div class=\"elementor-column elementor-col-50 elementor-top-column elementor-element elementor-element-f361703\" data-id=\"f361703\" data-element_type=\"column\">\n\t\t\t<div class=\"elementor-widget-wrap elementor-element-populated\">\n\t\t\t\t\t\t<div class=\"elementor-element elementor-element-81eea9f elementor-widget elementor-widget-image\" data-id=\"81eea9f\" data-element_type=\"widget\" data-widget_type=\"image.default\">\n\t\t\t\t<div class=\"elementor-widget-container\">\n\t\t\t\t\t\t\t\t\t\t\t\t\t\t\t<img fetchpriority=\"high\" decoding=\"async\" width=\"201\" height=\"300\" src=\"https:\/\/www.kunstloft.at\/magazin\/wp-content\/uploads\/2023\/08\/art-gfb2d00c02_12801-201x300.jpg\" class=\"attachment-medium size-medium wp-image-6069\" alt=\"\" srcset=\"https:\/\/www.kunstloft.at\/magazin\/wp-content\/uploads\/2023\/08\/art-gfb2d00c02_12801-201x300.jpg 201w, https:\/\/www.kunstloft.at\/magazin\/wp-content\/uploads\/2023\/08\/art-gfb2d00c02_12801-687x1024.jpg 687w, https:\/\/www.kunstloft.at\/magazin\/wp-content\/uploads\/2023\/08\/art-gfb2d00c02_12801-768x1144.jpg 768w, https:\/\/www.kunstloft.at\/magazin\/wp-content\/uploads\/2023\/08\/art-gfb2d00c02_12801.jpg 859w\" sizes=\"100vw\" \/>\t\t\t\t\t\t\t\t\t\t\t\t\t\t\t<\/div>\n\t\t\t\t<\/div>\n\t\t\t\t\t<\/div>\n\t\t<\/div>\n\t\t\t\t<div class=\"elementor-column elementor-col-50 elementor-top-column elementor-element elementor-element-bfdc43d\" data-id=\"bfdc43d\" data-element_type=\"column\">\n\t\t\t<div class=\"elementor-widget-wrap elementor-element-populated\">\n\t\t\t\t\t\t<div class=\"elementor-element elementor-element-b822cab elementor-widget elementor-widget-heading\" data-id=\"b822cab\" data-element_type=\"widget\" data-widget_type=\"heading.default\">\n\t\t\t\t<div class=\"elementor-widget-container\">\n\t\t\t\t\t<h1 class=\"elementor-heading-title elementor-size-default\">Warum ist die Mona Lisa so ber\u00fchmt?<\/h1>\t\t\t\t<\/div>\n\t\t\t\t<\/div>\n\t\t\t\t\t<\/div>\n\t\t<\/div>\n\t\t\t\t\t<\/div>\n\t\t<\/section>\n\t\t\t\t<section class=\"elementor-section elementor-top-section elementor-element elementor-element-2723b55 elementor-section-boxed elementor-section-height-default elementor-section-height-default\" data-id=\"2723b55\" data-element_type=\"section\">\n\t\t\t\t\t\t<div class=\"elementor-container elementor-column-gap-default\">\n\t\t\t\t\t<div class=\"elementor-column elementor-col-100 elementor-top-column elementor-element elementor-element-c311a5b\" data-id=\"c311a5b\" data-element_type=\"column\">\n\t\t\t<div class=\"elementor-widget-wrap elementor-element-populated\">\n\t\t\t\t\t\t<div class=\"elementor-element elementor-element-e314f41 elementor-widget elementor-widget-text-editor\" data-id=\"e314f41\" data-element_type=\"widget\" data-widget_type=\"text-editor.default\">\n\t\t\t\t<div class=\"elementor-widget-container\">\n\t\t\t\t\t\t\t\t\t<p>Die Mona Lisa, ein Gem\u00e4lde von Leonardo da Vinci, ist zweifellos eines der bekanntesten Kunstwerke der Welt. Ihre mysteri\u00f6se Ausstrahlung und ihr r\u00e4tselhaftes L\u00e4cheln faszinieren die Menschen seit Jahrhunderten. Doch was macht dieses Meisterwerk so einzigartig und ber\u00fchmt?<\/p>\t\t\t\t\t\t\t\t<\/div>\n\t\t\t\t<\/div>\n\t\t\t\t\t<\/div>\n\t\t<\/div>\n\t\t\t\t\t<\/div>\n\t\t<\/section>\n\t\t\t\t<section class=\"elementor-section elementor-top-section elementor-element elementor-element-47e2255 elementor-section-boxed elementor-section-height-default elementor-section-height-default\" data-id=\"47e2255\" data-element_type=\"section\">\n\t\t\t\t\t\t<div class=\"elementor-container elementor-column-gap-default\">\n\t\t\t\t\t<div class=\"elementor-column elementor-col-100 elementor-top-column elementor-element elementor-element-57a2025\" data-id=\"57a2025\" data-element_type=\"column\">\n\t\t\t<div class=\"elementor-widget-wrap elementor-element-populated\">\n\t\t\t\t\t\t<div class=\"elementor-element elementor-element-984e9a9 elementor-widget elementor-widget-text-editor\" data-id=\"984e9a9\" data-element_type=\"widget\" data-widget_type=\"text-editor.default\">\n\t\t\t\t<div class=\"elementor-widget-container\">\n\t\t\t\t\t\t\t\t\t<p><strong>Inhaltsverzeichnis<\/strong><\/p><ul><li><a href=\"#entstehung\">Entstehungsgeschichte<\/a><\/li><li><a href=\"#raub\">Der Raub der Mona Lisa<\/a><\/li><li><a href=\"#napoleon\">Prominente Bewunderer: Von Napoleon bis Picasso<\/a><\/li><li><a href=\"#klein\">Die Kunst im Detail: Kleines Gem\u00e4lde, gro\u00dfe Wirkung<\/a><\/li><li><a href=\"#louvre\">Der Louvre und die Mona Lisa: Ein einzigartiges Erlebnis<\/a><\/li><li><a href=\"#zeitlos\">Das zeitlose Symbol der Kunst<\/a><\/li><li><a href=\"#kunstloft\">Mona Lisa im KunstLoft<\/a><\/li><\/ul>\t\t\t\t\t\t\t\t<\/div>\n\t\t\t\t<\/div>\n\t\t\t\t\t<\/div>\n\t\t<\/div>\n\t\t\t\t\t<\/div>\n\t\t<\/section>\n\t\t\t\t<section class=\"elementor-section elementor-top-section elementor-element elementor-element-113aa52 elementor-section-boxed elementor-section-height-default elementor-section-height-default\" data-id=\"113aa52\" data-element_type=\"section\">\n\t\t\t\t\t\t<div class=\"elementor-container elementor-column-gap-default\">\n\t\t\t\t\t<div class=\"elementor-column elementor-col-100 elementor-top-column elementor-element elementor-element-4232ec3\" data-id=\"4232ec3\" data-element_type=\"column\">\n\t\t\t<div class=\"elementor-widget-wrap elementor-element-populated\">\n\t\t\t\t\t\t<div class=\"elementor-element elementor-element-20f40b2 elementor-widget elementor-widget-heading\" data-id=\"20f40b2\" data-element_type=\"widget\" id=\"entstehung\" data-widget_type=\"heading.default\">\n\t\t\t\t<div class=\"elementor-widget-container\">\n\t\t\t\t\t<h2 class=\"elementor-heading-title elementor-size-default\">Entstehungsgeschichte<\/h2>\t\t\t\t<\/div>\n\t\t\t\t<\/div>\n\t\t\t\t\t<\/div>\n\t\t<\/div>\n\t\t\t\t\t<\/div>\n\t\t<\/section>\n\t\t\t\t<section class=\"elementor-section elementor-top-section elementor-element elementor-element-4cb40f2 elementor-section-boxed elementor-section-height-default elementor-section-height-default\" data-id=\"4cb40f2\" data-element_type=\"section\">\n\t\t\t\t\t\t<div class=\"elementor-container elementor-column-gap-default\">\n\t\t\t\t\t<div class=\"elementor-column elementor-col-50 elementor-top-column elementor-element elementor-element-e29bcf4\" data-id=\"e29bcf4\" data-element_type=\"column\">\n\t\t\t<div class=\"elementor-widget-wrap elementor-element-populated\">\n\t\t\t\t\t\t<div class=\"elementor-element elementor-element-efc02ca elementor-widget elementor-widget-text-editor\" data-id=\"efc02ca\" data-element_type=\"widget\" data-widget_type=\"text-editor.default\">\n\t\t\t\t<div class=\"elementor-widget-container\">\n\t\t\t\t\t\t\t\t\t<p># gemalt von Leonardo da Vinci zwischen 1502 und 1506<\/p><p># stellt vermutlich Lisa di Antonio Maria Gherardini dar, die Ehefrau des Florentiner Kaufmanns Francesco del Giocondo<\/p><p># wird deshalb auch als &#8222;La Gioconda&#8220; bezeichnet<\/p><p># der deutsche Name &#8222;Mona Lisa&#8220; ist mutma\u00dflich ein \u00dcbersetzungsfehler, da das Gem\u00e4lde im Italienischen auch als &#8222;Madonna (kurz: Monna) Lisa&#8220; bezeichnet wird, was \u00fcbersetzt &#8222;Frau Lisa&#8220; hei\u00dft<\/p><p># letztlich ist die genaue Identit\u00e4t der Frau auf dem Bild aber ein Geheimnis, das zur Faszination des Gem\u00e4ldes beitr\u00e4gt<\/p>\t\t\t\t\t\t\t\t<\/div>\n\t\t\t\t<\/div>\n\t\t\t\t\t<\/div>\n\t\t<\/div>\n\t\t\t\t<div class=\"elementor-column elementor-col-50 elementor-top-column elementor-element elementor-element-33f14aa\" data-id=\"33f14aa\" data-element_type=\"column\">\n\t\t\t<div class=\"elementor-widget-wrap elementor-element-populated\">\n\t\t\t\t\t\t<div class=\"elementor-element elementor-element-b7e5502 elementor-widget elementor-widget-image\" data-id=\"b7e5502\" data-element_type=\"widget\" data-settings=\"{&quot;_animation&quot;:&quot;none&quot;}\" data-widget_type=\"image.default\">\n\t\t\t\t<div class=\"elementor-widget-container\">\n\t\t\t\t\t\t\t\t\t\t\t\t\t\t\t<img decoding=\"async\" src=\"https:\/\/www.kunstloft.de\/wordpress\/de_DE\/de\/wp-content\/uploads\/2023\/07\/leonardo-da-vinci-gbfca27ded_6401.png\" title=\"\" alt=\"Leonardo da Vinci K\u00fcnstler Maler ber\u00fchmt\" class=\"elementor-animation-grow\" loading=\"lazy\" \/>\t\t\t\t\t\t\t\t\t\t\t\t\t\t\t<\/div>\n\t\t\t\t<\/div>\n\t\t\t\t\t<\/div>\n\t\t<\/div>\n\t\t\t\t\t<\/div>\n\t\t<\/section>\n\t\t\t\t<section class=\"elementor-section elementor-top-section elementor-element elementor-element-1065d42 elementor-section-boxed elementor-section-height-default elementor-section-height-default\" data-id=\"1065d42\" data-element_type=\"section\">\n\t\t\t\t\t\t<div class=\"elementor-container elementor-column-gap-default\">\n\t\t\t\t\t<div class=\"elementor-column elementor-col-100 elementor-top-column elementor-element elementor-element-c7f14fc\" data-id=\"c7f14fc\" data-element_type=\"column\">\n\t\t\t<div class=\"elementor-widget-wrap elementor-element-populated\">\n\t\t\t\t\t\t<div class=\"elementor-element elementor-element-fa217c2 elementor-widget elementor-widget-heading\" data-id=\"fa217c2\" data-element_type=\"widget\" id=\"raub\" data-widget_type=\"heading.default\">\n\t\t\t\t<div class=\"elementor-widget-container\">\n\t\t\t\t\t<h2 class=\"elementor-heading-title elementor-size-default\">Der Raub der Mona Lisa<\/h2>\t\t\t\t<\/div>\n\t\t\t\t<\/div>\n\t\t\t\t\t<\/div>\n\t\t<\/div>\n\t\t\t\t\t<\/div>\n\t\t<\/section>\n\t\t\t\t<section class=\"elementor-section elementor-top-section elementor-element elementor-element-2eda130 elementor-section-boxed elementor-section-height-default elementor-section-height-default\" data-id=\"2eda130\" data-element_type=\"section\">\n\t\t\t\t\t\t<div class=\"elementor-container elementor-column-gap-default\">\n\t\t\t\t\t<div class=\"elementor-column elementor-col-100 elementor-top-column elementor-element elementor-element-43daeda\" data-id=\"43daeda\" data-element_type=\"column\">\n\t\t\t<div class=\"elementor-widget-wrap elementor-element-populated\">\n\t\t\t\t\t\t<div class=\"elementor-element elementor-element-3f9b7e8 elementor-widget elementor-widget-text-editor\" data-id=\"3f9b7e8\" data-element_type=\"widget\" data-widget_type=\"text-editor.default\">\n\t\t\t\t<div class=\"elementor-widget-container\">\n\t\t\t\t\t\t\t\t\t<p>Die Mona Lisa hat eine aufregende Vergangenheit. Im Jahr 1911 ereignete sich einer der spektakul\u00e4rsten Kunstdiebst\u00e4hle der Geschichte, als das Gem\u00e4lde aus dem Louvre gestohlen wurde. Der Raub der Mona Lisa l\u00f6ste eine weltweite Medienhysterie aus und machte das Gem\u00e4lde zu einem Mythos.<\/p><p>Der Dieb, Vincenzo Peruggia, ein italienischer Handwerker, schaffte es, das Gem\u00e4lde unbemerkt aus dem Museum zu stehlen, indem er es unter seiner Kleidung versteckte. Er war davon \u00fcberzeugt, dass die Mona Lisa in Italien ihren rechtm\u00e4\u00dfigen Platz haben sollte. Das Gem\u00e4lde blieb zun\u00e4chst aber gut zwei Jahre verschollen.<\/p><p>Schlie\u00dflich wurde Peruggia in Florenz gefasst, als er versuchte, das gestohlene Kunstwerk einem Kunsth\u00e4ndler zu verkaufen. Die Mona Lisa kehrte triumphal nach Frankreich zur\u00fcck und wurde im Louvre wieder der \u00d6ffentlichkeit pr\u00e4sentiert. Der Diebstahl und die spektakul\u00e4re Wiederentdeckung trugen erheblich zur Ber\u00fchmtheit des Gem\u00e4ldes bei und machten es zu einem begehrten Ziel f\u00fcr Kunstliebhaber und Neugierige aus aller Welt.<\/p>\t\t\t\t\t\t\t\t<\/div>\n\t\t\t\t<\/div>\n\t\t\t\t\t<\/div>\n\t\t<\/div>\n\t\t\t\t\t<\/div>\n\t\t<\/section>\n\t\t\t\t<section class=\"elementor-section elementor-top-section elementor-element elementor-element-c974eb9 elementor-section-boxed elementor-section-height-default elementor-section-height-default\" data-id=\"c974eb9\" data-element_type=\"section\">\n\t\t\t\t\t\t<div class=\"elementor-container elementor-column-gap-default\">\n\t\t\t\t\t<div class=\"elementor-column elementor-col-100 elementor-top-column elementor-element elementor-element-b34d811\" data-id=\"b34d811\" data-element_type=\"column\">\n\t\t\t<div class=\"elementor-widget-wrap elementor-element-populated\">\n\t\t\t\t\t\t<div class=\"elementor-element elementor-element-3245ef3 elementor-widget elementor-widget-heading\" data-id=\"3245ef3\" data-element_type=\"widget\" id=\"napoleon\" data-widget_type=\"heading.default\">\n\t\t\t\t<div class=\"elementor-widget-container\">\n\t\t\t\t\t<h2 class=\"elementor-heading-title elementor-size-default\">Prominente Bewunderer: Von Napoleon bis Picasso<\/h2>\t\t\t\t<\/div>\n\t\t\t\t<\/div>\n\t\t\t\t\t<\/div>\n\t\t<\/div>\n\t\t\t\t\t<\/div>\n\t\t<\/section>\n\t\t\t\t<section class=\"elementor-section elementor-top-section elementor-element elementor-element-37aeae0 elementor-section-boxed elementor-section-height-default elementor-section-height-default\" data-id=\"37aeae0\" data-element_type=\"section\">\n\t\t\t\t\t\t<div class=\"elementor-container elementor-column-gap-default\">\n\t\t\t\t\t<div class=\"elementor-column elementor-col-100 elementor-top-column elementor-element elementor-element-622ac7f\" data-id=\"622ac7f\" data-element_type=\"column\">\n\t\t\t<div class=\"elementor-widget-wrap elementor-element-populated\">\n\t\t\t\t\t\t<div class=\"elementor-element elementor-element-a6c878d elementor-widget elementor-widget-text-editor\" data-id=\"a6c878d\" data-element_type=\"widget\" data-widget_type=\"text-editor.default\">\n\t\t\t\t<div class=\"elementor-widget-container\">\n\t\t\t\t\t\t\t\t\t<p>Die Mona Lisa hat auch zahlreiche prominente Bewunderer und Besucher gehabt.<\/p><p><strong>Napoleon Bonaparte<\/strong>, der franz\u00f6sische Kaiser, war einer der ber\u00fchmtesten Bewunderer des Gem\u00e4ldes. Er lie\u00df es in sein Schlafzimmer h\u00e4ngen, um es in privater Umgebung genie\u00dfen zu k\u00f6nnen. <\/p><p><strong>Pablo Picasso<\/strong>, einer der einflussreichsten K\u00fcnstler des 20. Jahrhunderts, war ebenfalls von der Mona Lisa fasziniert. Er bewunderte da Vincis Technik und seine F\u00e4higkeit, eine Figur so lebendig darzustellen. Nach dem Raub der Mona Lisa wurde auch Pablo Picasso verd\u00e4chtigt, doch die Durchsuchung seiner Wohnung in Paris entlastete ihn in diesem Fall &#8211; interessant war jedoch, dass die Polizei stattdessen mehrere kleinere Statuen fand, die offensichtlich dem Louvre geh\u00f6rten.<\/p><p>Sogar <strong>Vincent van Gogh<\/strong>, der selbst ein bedeutender Maler war, schw\u00e4rmte von der Mona Lisa. In einem Brief an seinen Bruder Theo schrieb er: &#8222;Es gibt nichts Sch\u00f6neres als ein Gem\u00e4lde von Leonardo da Vinci&#8220;.<\/p>\t\t\t\t\t\t\t\t<\/div>\n\t\t\t\t<\/div>\n\t\t\t\t\t<\/div>\n\t\t<\/div>\n\t\t\t\t\t<\/div>\n\t\t<\/section>\n\t\t\t\t<section class=\"elementor-section elementor-top-section elementor-element elementor-element-dec49cf elementor-section-boxed elementor-section-height-default elementor-section-height-default\" data-id=\"dec49cf\" data-element_type=\"section\">\n\t\t\t\t\t\t<div class=\"elementor-container elementor-column-gap-default\">\n\t\t\t\t\t<div class=\"elementor-column elementor-col-100 elementor-top-column elementor-element elementor-element-8f7d1c7\" data-id=\"8f7d1c7\" data-element_type=\"column\">\n\t\t\t<div class=\"elementor-widget-wrap elementor-element-populated\">\n\t\t\t\t\t\t<div class=\"elementor-element elementor-element-95eb7ea elementor-widget elementor-widget-heading\" data-id=\"95eb7ea\" data-element_type=\"widget\" id=\"klein\" data-widget_type=\"heading.default\">\n\t\t\t\t<div class=\"elementor-widget-container\">\n\t\t\t\t\t<h2 class=\"elementor-heading-title elementor-size-default\">Die Kunst im Detail: Kleines Gem\u00e4lde, gro\u00dfe Wirkung<\/h2>\t\t\t\t<\/div>\n\t\t\t\t<\/div>\n\t\t\t\t\t<\/div>\n\t\t<\/div>\n\t\t\t\t\t<\/div>\n\t\t<\/section>\n\t\t\t\t<section class=\"elementor-section elementor-top-section elementor-element elementor-element-f2fb2cf elementor-section-boxed elementor-section-height-default elementor-section-height-default\" data-id=\"f2fb2cf\" data-element_type=\"section\">\n\t\t\t\t\t\t<div class=\"elementor-container elementor-column-gap-default\">\n\t\t\t\t\t<div class=\"elementor-column elementor-col-50 elementor-top-column elementor-element elementor-element-35d0ca6\" data-id=\"35d0ca6\" data-element_type=\"column\">\n\t\t\t<div class=\"elementor-widget-wrap elementor-element-populated\">\n\t\t\t\t\t\t<div class=\"elementor-element elementor-element-793c1b2 elementor-widget elementor-widget-image\" data-id=\"793c1b2\" data-element_type=\"widget\" data-widget_type=\"image.default\">\n\t\t\t\t<div class=\"elementor-widget-container\">\n\t\t\t\t\t\t\t\t\t\t\t\t\t\t\t<img decoding=\"async\" src=\"https:\/\/www.kunstloft.de\/wordpress\/de_DE\/de\/wp-content\/uploads\/2023\/07\/da-vinci-g344f4f42c_12801.jpg\" title=\"\" alt=\"Mona Lisa Gem\u00e4lde Louvre Museum\" class=\"elementor-animation-grow\" loading=\"lazy\" \/>\t\t\t\t\t\t\t\t\t\t\t\t\t\t\t<\/div>\n\t\t\t\t<\/div>\n\t\t\t\t\t<\/div>\n\t\t<\/div>\n\t\t\t\t<div class=\"elementor-column elementor-col-50 elementor-top-column elementor-element elementor-element-d6a2b5a\" data-id=\"d6a2b5a\" data-element_type=\"column\">\n\t\t\t<div class=\"elementor-widget-wrap elementor-element-populated\">\n\t\t\t\t\t\t<div class=\"elementor-element elementor-element-f11db5b elementor-widget elementor-widget-text-editor\" data-id=\"f11db5b\" data-element_type=\"widget\" data-widget_type=\"text-editor.default\">\n\t\t\t\t<div class=\"elementor-widget-container\">\n\t\t\t\t\t\t\t\t\t<p>Ein interessanter Fakt \u00fcber die Mona Lisa ist ihre Gr\u00f6\u00dfe. Das Gem\u00e4lde misst gerade einmal 77&#215;53 Zentimeter, was es zu einem vergleichsweise kleinen Kunstwerk macht. Doch seine geringe Gr\u00f6\u00dfe hat keinen Einfluss auf seine Wirkung und Anziehungskraft. Im Gegenteil, es erm\u00f6glicht den Betrachtern, sich ganz auf die subtilen Details und die meisterhafte Technik zu konzentrieren.<\/p>\t\t\t\t\t\t\t\t<\/div>\n\t\t\t\t<\/div>\n\t\t\t\t\t<\/div>\n\t\t<\/div>\n\t\t\t\t\t<\/div>\n\t\t<\/section>\n\t\t\t\t<section class=\"elementor-section elementor-top-section elementor-element elementor-element-ca34975 elementor-section-boxed elementor-section-height-default elementor-section-height-default\" data-id=\"ca34975\" data-element_type=\"section\">\n\t\t\t\t\t\t<div class=\"elementor-container elementor-column-gap-default\">\n\t\t\t\t\t<div class=\"elementor-column elementor-col-100 elementor-top-column elementor-element elementor-element-b3b2cbb\" data-id=\"b3b2cbb\" data-element_type=\"column\">\n\t\t\t<div class=\"elementor-widget-wrap elementor-element-populated\">\n\t\t\t\t\t\t<div class=\"elementor-element elementor-element-a8d15be elementor-widget elementor-widget-text-editor\" data-id=\"a8d15be\" data-element_type=\"widget\" data-widget_type=\"text-editor.default\">\n\t\t\t\t<div class=\"elementor-widget-container\">\n\t\t\t\t\t\t\t\t\t<p>Ein weiterer Grund f\u00fcr die anhaltende Faszination der Mona Lisa liegt in ihrem r\u00e4tselhaften L\u00e4cheln. Viele Betrachter haben versucht, die Bedeutung hinter diesem L\u00e4cheln zu entschl\u00fcsseln. Ist es ein Ausdruck von Freude, Melancholie oder etwas ganz Anderem? Dieses R\u00e4tsel hat zahlreiche Diskussionen und Interpretationen angeregt und tr\u00e4gt zur zeitlosen Anziehungskraft des Gem\u00e4ldes bei.<\/p>\t\t\t\t\t\t\t\t<\/div>\n\t\t\t\t<\/div>\n\t\t\t\t\t<\/div>\n\t\t<\/div>\n\t\t\t\t\t<\/div>\n\t\t<\/section>\n\t\t\t\t<section class=\"elementor-section elementor-top-section elementor-element elementor-element-ca0be6d elementor-section-boxed elementor-section-height-default elementor-section-height-default\" data-id=\"ca0be6d\" data-element_type=\"section\">\n\t\t\t\t\t\t<div class=\"elementor-container elementor-column-gap-default\">\n\t\t\t\t\t<div class=\"elementor-column elementor-col-100 elementor-top-column elementor-element elementor-element-323fe98\" data-id=\"323fe98\" data-element_type=\"column\">\n\t\t\t<div class=\"elementor-widget-wrap elementor-element-populated\">\n\t\t\t\t\t\t<div class=\"elementor-element elementor-element-b032671 elementor-widget elementor-widget-heading\" data-id=\"b032671\" data-element_type=\"widget\" id=\"louvre\" data-widget_type=\"heading.default\">\n\t\t\t\t<div class=\"elementor-widget-container\">\n\t\t\t\t\t<h2 class=\"elementor-heading-title elementor-size-default\">Der Louvre und die Mona Lisa: Ein einzigartiges Erlebnis<\/h2>\t\t\t\t<\/div>\n\t\t\t\t<\/div>\n\t\t\t\t\t<\/div>\n\t\t<\/div>\n\t\t\t\t\t<\/div>\n\t\t<\/section>\n\t\t\t\t<section class=\"elementor-section elementor-top-section elementor-element elementor-element-c9c5280 elementor-section-boxed elementor-section-height-default elementor-section-height-default\" data-id=\"c9c5280\" data-element_type=\"section\">\n\t\t\t\t\t\t<div class=\"elementor-container elementor-column-gap-default\">\n\t\t\t\t\t<div class=\"elementor-column elementor-col-50 elementor-top-column elementor-element elementor-element-a2ae97f\" data-id=\"a2ae97f\" data-element_type=\"column\">\n\t\t\t<div class=\"elementor-widget-wrap elementor-element-populated\">\n\t\t\t\t\t\t<div class=\"elementor-element elementor-element-ece86c8 elementor-widget elementor-widget-text-editor\" data-id=\"ece86c8\" data-element_type=\"widget\" data-widget_type=\"text-editor.default\">\n\t\t\t\t<div class=\"elementor-widget-container\">\n\t\t\t\t\t\t\t\t\t<p>Der Louvre in Paris, das Zuhause der Mona Lisa, zieht j\u00e4hrlich Millionen von Besuchern an. Die Warteschlangen vor dem Gem\u00e4lde k\u00f6nnen oft beeindruckend sein, doch die Geduld wird mit einem einzigartigen Erlebnis belohnt. Den Betrachten wird die Gelegenheit gegeben, das R\u00e4tsel und die Sch\u00f6nheit dieses ikonischen Meisterwerks zu erfahren.<\/p>\t\t\t\t\t\t\t\t<\/div>\n\t\t\t\t<\/div>\n\t\t\t\t\t<\/div>\n\t\t<\/div>\n\t\t\t\t<div class=\"elementor-column elementor-col-50 elementor-top-column elementor-element elementor-element-30e3980\" data-id=\"30e3980\" data-element_type=\"column\">\n\t\t\t<div class=\"elementor-widget-wrap elementor-element-populated\">\n\t\t\t\t\t\t<div class=\"elementor-element elementor-element-2b72e8e elementor-widget__width-initial elementor-widget elementor-widget-image\" data-id=\"2b72e8e\" data-element_type=\"widget\" data-widget_type=\"image.default\">\n\t\t\t\t<div class=\"elementor-widget-container\">\n\t\t\t\t\t\t\t\t\t\t\t\t\t\t\t<img decoding=\"async\" src=\"https:\/\/www.kunstloft.de\/wordpress\/de_DE\/de\/wp-content\/uploads\/2023\/07\/paris-g168cce797_12801.jpg\" title=\"\" alt=\"Louvre Museum Paris Frankreich\" class=\"elementor-animation-grow\" loading=\"lazy\" \/>\t\t\t\t\t\t\t\t\t\t\t\t\t\t\t<\/div>\n\t\t\t\t<\/div>\n\t\t\t\t\t<\/div>\n\t\t<\/div>\n\t\t\t\t\t<\/div>\n\t\t<\/section>\n\t\t\t\t<section class=\"elementor-section elementor-top-section elementor-element elementor-element-c7a1e57 elementor-section-boxed elementor-section-height-default elementor-section-height-default\" data-id=\"c7a1e57\" data-element_type=\"section\">\n\t\t\t\t\t\t<div class=\"elementor-container elementor-column-gap-default\">\n\t\t\t\t\t<div class=\"elementor-column elementor-col-100 elementor-top-column elementor-element elementor-element-1cdc3ff\" data-id=\"1cdc3ff\" data-element_type=\"column\">\n\t\t\t<div class=\"elementor-widget-wrap elementor-element-populated\">\n\t\t\t\t\t\t<div class=\"elementor-element elementor-element-f093205 elementor-widget elementor-widget-heading\" data-id=\"f093205\" data-element_type=\"widget\" id=\"zeitlos\" data-widget_type=\"heading.default\">\n\t\t\t\t<div class=\"elementor-widget-container\">\n\t\t\t\t\t<h2 class=\"elementor-heading-title elementor-size-default\">Das zeitlose Symbol der Kunst<\/h2>\t\t\t\t<\/div>\n\t\t\t\t<\/div>\n\t\t\t\t\t<\/div>\n\t\t<\/div>\n\t\t\t\t\t<\/div>\n\t\t<\/section>\n\t\t\t\t<section class=\"elementor-section elementor-top-section elementor-element elementor-element-a74402d elementor-section-boxed elementor-section-height-default elementor-section-height-default\" data-id=\"a74402d\" data-element_type=\"section\">\n\t\t\t\t\t\t<div class=\"elementor-container elementor-column-gap-default\">\n\t\t\t\t\t<div class=\"elementor-column elementor-col-100 elementor-top-column elementor-element elementor-element-e04dca2\" data-id=\"e04dca2\" data-element_type=\"column\">\n\t\t\t<div class=\"elementor-widget-wrap elementor-element-populated\">\n\t\t\t\t\t\t<div class=\"elementor-element elementor-element-cc1b08c elementor-widget elementor-widget-text-editor\" data-id=\"cc1b08c\" data-element_type=\"widget\" data-widget_type=\"text-editor.default\">\n\t\t\t\t<div class=\"elementor-widget-container\">\n\t\t\t\t\t\t\t\t\t<p>Insgesamt bleibt die Frage nach der Ber\u00fchmtheit der Mona Lisa wohl weiterhin ein Teil ihrer eigenen Faszination. Ihre zeitlose Sch\u00f6nheit, ihr mysteri\u00f6ses L\u00e4cheln und ihre bewegte Geschichte machen sie zu einem Symbol f\u00fcr die unverg\u00e4ngliche Kraft der Kunst. Und zu guter Letzt noch ein <strong>Fun Fact<\/strong>: Die Mona Lisa ist Eigentum des franz\u00f6sischen Staates und deshalb unverk\u00e4uflich.<\/p><p>Also, wenn Sie das n\u00e4chste Mal den Louvre besuchen, vergessen Sie nicht, der Mona Lisa einen Besuch abzustatten. Tauchen Sie ein in die Welt der Kunst und lassen Sie sich von ihrem L\u00e4cheln verzaubern, das seit Jahrhunderten die Fantasie der Menschen befl\u00fcgelt.<\/p>\t\t\t\t\t\t\t\t<\/div>\n\t\t\t\t<\/div>\n\t\t\t\t\t<\/div>\n\t\t<\/div>\n\t\t\t\t\t<\/div>\n\t\t<\/section>\n\t\t\t\t<section class=\"elementor-section elementor-top-section elementor-element elementor-element-c7a7716 elementor-section-boxed elementor-section-height-default elementor-section-height-default\" data-id=\"c7a7716\" data-element_type=\"section\">\n\t\t\t\t\t\t<div class=\"elementor-container elementor-column-gap-default\">\n\t\t\t\t\t<div class=\"elementor-column elementor-col-100 elementor-top-column elementor-element elementor-element-1231c84\" data-id=\"1231c84\" data-element_type=\"column\">\n\t\t\t<div class=\"elementor-widget-wrap elementor-element-populated\">\n\t\t\t\t\t\t<div class=\"elementor-element elementor-element-00df2fd elementor-widget elementor-widget-heading\" data-id=\"00df2fd\" data-element_type=\"widget\" id=\"kunstloft\" data-widget_type=\"heading.default\">\n\t\t\t\t<div class=\"elementor-widget-container\">\n\t\t\t\t\t<h2 class=\"elementor-heading-title elementor-size-default\">Mona Lisa im KunstLoft<\/h2>\t\t\t\t<\/div>\n\t\t\t\t<\/div>\n\t\t\t\t\t<\/div>\n\t\t<\/div>\n\t\t\t\t\t<\/div>\n\t\t<\/section>\n\t\t\t\t<section class=\"elementor-section elementor-top-section elementor-element elementor-element-0ac7354 elementor-section-boxed elementor-section-height-default elementor-section-height-default\" data-id=\"0ac7354\" data-element_type=\"section\">\n\t\t\t\t\t\t<div class=\"elementor-container elementor-column-gap-default\">\n\t\t\t\t\t<div class=\"elementor-column elementor-col-50 elementor-top-column elementor-element elementor-element-5bee8c7\" data-id=\"5bee8c7\" data-element_type=\"column\">\n\t\t\t<div class=\"elementor-widget-wrap elementor-element-populated\">\n\t\t\t\t\t\t<div class=\"elementor-element elementor-element-7f051af elementor-widget elementor-widget-image\" data-id=\"7f051af\" data-element_type=\"widget\" data-widget_type=\"image.default\">\n\t\t\t\t<div class=\"elementor-widget-container\">\n\t\t\t\t\t\t\t\t\t\t\t\t\t\t\t\t<a href=\"https:\/\/www.kunstloft.at\/11935-oel-gemaelde-mona-lisa-20\/\">\n\t\t\t\t\t\t\t<img decoding=\"async\" src=\"https:\/\/www.kunstloft.de\/wordpress\/de_DE\/de\/wp-content\/uploads\/2023\/07\/kl09381-beruehmte-personen-bunt-oel-gemaelde-oel-bilder-handgemalte-unikate-moderne-kunst-0001-01-1.jpg\" title=\"\" alt=\"Mona Lisa handgemalt Gem\u00e4lde Graffiti Modern\" class=\"elementor-animation-grow\" loading=\"lazy\" \/>\t\t\t\t\t\t\t\t<\/a>\n\t\t\t\t\t\t\t\t\t\t\t\t\t\t\t<\/div>\n\t\t\t\t<\/div>\n\t\t\t\t<div class=\"elementor-element elementor-element-3a91a01 elementor-widget elementor-widget-text-editor\" data-id=\"3a91a01\" data-element_type=\"widget\" data-widget_type=\"text-editor.default\">\n\t\t\t\t<div class=\"elementor-widget-container\">\n\t\t\t\t\t\t\t\t\t<p style=\"text-align: center;\"><strong><a href=\"https:\/\/www.kunstloft.at\/11935-oel-gemaelde-mona-lisa-20\/\" target=\"_blank\" rel=\"noopener\">Handgemaltes \u00d6l Gem\u00e4lde XXL <br \/>&#8218;Mona Lisa 2.0&#8216;<\/a><\/strong><\/p>\t\t\t\t\t\t\t\t<\/div>\n\t\t\t\t<\/div>\n\t\t\t\t\t<\/div>\n\t\t<\/div>\n\t\t\t\t<div class=\"elementor-column elementor-col-50 elementor-top-column elementor-element elementor-element-d19f70b\" data-id=\"d19f70b\" data-element_type=\"column\">\n\t\t\t<div class=\"elementor-widget-wrap elementor-element-populated\">\n\t\t\t\t\t\t<div class=\"elementor-element elementor-element-934dc85 elementor-widget elementor-widget-image\" data-id=\"934dc85\" data-element_type=\"widget\" data-widget_type=\"image.default\">\n\t\t\t\t<div class=\"elementor-widget-container\">\n\t\t\t\t\t\t\t\t\t\t\t\t\t\t\t\t<a href=\"https:\/\/www.kunstloft.at\/10923-oel-gemaelde-hidden-mona-lisa\/\">\n\t\t\t\t\t\t\t<img decoding=\"async\" src=\"https:\/\/www.kunstloft.de\/wordpress\/de_DE\/de\/wp-content\/uploads\/2023\/07\/kl08653-figurative-abstraktion-schwarz-gold-oel-gemaelde-oel-bilder-handgemalte-unikate-moderne-kuns-1.jpg\" title=\"\" alt=\"Mona Lisa handgemalt abstrakt Gem\u00e4lde\" class=\"elementor-animation-grow\" loading=\"lazy\" \/>\t\t\t\t\t\t\t\t<\/a>\n\t\t\t\t\t\t\t\t\t\t\t\t\t\t\t<\/div>\n\t\t\t\t<\/div>\n\t\t\t\t<div class=\"elementor-element elementor-element-001b385 elementor-widget elementor-widget-text-editor\" data-id=\"001b385\" data-element_type=\"widget\" data-widget_type=\"text-editor.default\">\n\t\t\t\t<div class=\"elementor-widget-container\">\n\t\t\t\t\t\t\t\t\t<p style=\"text-align: center;\"><a href=\"https:\/\/www.kunstloft.at\/10923-oel-gemaelde-hidden-mona-lisa\/\" target=\"_blank\" rel=\"noopener\"><b>Handgemaltes \u00d6l Gem\u00e4lde XXL <br \/>&#8218;Hidden Mona Lisa&#8216;<\/b><\/a><\/p>\t\t\t\t\t\t\t\t<\/div>\n\t\t\t\t<\/div>\n\t\t\t\t\t<\/div>\n\t\t<\/div>\n\t\t\t\t\t<\/div>\n\t\t<\/section>\n\t\t\t\t<section class=\"elementor-section elementor-top-section elementor-element elementor-element-07c27ab elementor-section-boxed elementor-section-height-default elementor-section-height-default\" data-id=\"07c27ab\" data-element_type=\"section\">\n\t\t\t\t\t\t<div class=\"elementor-container elementor-column-gap-default\">\n\t\t\t\t\t<div class=\"elementor-column elementor-col-50 elementor-top-column elementor-element elementor-element-65cfc8c\" data-id=\"65cfc8c\" data-element_type=\"column\">\n\t\t\t<div class=\"elementor-widget-wrap elementor-element-populated\">\n\t\t\t\t\t\t<div class=\"elementor-element elementor-element-b26ba33 elementor-widget elementor-widget-image\" data-id=\"b26ba33\" data-element_type=\"widget\" data-widget_type=\"image.default\">\n\t\t\t\t<div class=\"elementor-widget-container\">\n\t\t\t\t\t\t\t\t\t\t\t\t\t\t\t\t<a href=\"https:\/\/www.kunstloft.at\/10945-oel-gemaelde-farben-der-mona-lisa\/\">\n\t\t\t\t\t\t\t<img decoding=\"async\" src=\"https:\/\/www.kunstloft.de\/wordpress\/de_DE\/de\/wp-content\/uploads\/2023\/07\/kl08580-beruehmte-personen-schwarz-gold-oel-gemaelde-oel-bilder-handgemalte-unikate-moderne-kunst-00-1.jpg\" title=\"\" alt=\"Mona Lisa modern handgemalt Gem\u00e4lde Bunt\" class=\"elementor-animation-grow\" loading=\"lazy\" \/>\t\t\t\t\t\t\t\t<\/a>\n\t\t\t\t\t\t\t\t\t\t\t\t\t\t\t<\/div>\n\t\t\t\t<\/div>\n\t\t\t\t<div class=\"elementor-element elementor-element-a7f4f94 elementor-widget elementor-widget-text-editor\" data-id=\"a7f4f94\" data-element_type=\"widget\" data-widget_type=\"text-editor.default\">\n\t\t\t\t<div class=\"elementor-widget-container\">\n\t\t\t\t\t\t\t\t\t<p><strong><a href=\"https:\/\/www.kunstloft.at\/10945-oel-gemaelde-farben-der-mona-lisa\/\">Handgemaltes \u00d6l Gem\u00e4lde XXL <br \/>&#8218;Farben der Mona Lisa&#8216;<\/a><\/strong><\/p>\t\t\t\t\t\t\t\t<\/div>\n\t\t\t\t<\/div>\n\t\t\t\t\t<\/div>\n\t\t<\/div>\n\t\t\t\t<div class=\"elementor-column elementor-col-50 elementor-top-column elementor-element elementor-element-e7c17f2\" data-id=\"e7c17f2\" data-element_type=\"column\">\n\t\t\t<div class=\"elementor-widget-wrap elementor-element-populated\">\n\t\t\t\t\t\t<div class=\"elementor-element elementor-element-5046b3c elementor-widget elementor-widget-image\" data-id=\"5046b3c\" data-element_type=\"widget\" data-widget_type=\"image.default\">\n\t\t\t\t<div class=\"elementor-widget-container\">\n\t\t\t\t\t\t\t\t\t\t\t\t\t\t\t\t<a href=\"https:\/\/www.kunstloft.at\/5659-oel-gemaelde-mona-lisa-mag-es-bunt\/\">\n\t\t\t\t\t\t\t<img decoding=\"async\" src=\"https:\/\/www.kunstloft.de\/wordpress\/de_DE\/de\/wp-content\/uploads\/2023\/07\/kl04758-frau-menschen-portraits-bunt-oel-gemaelde-oel-bilder-handgemalte-unikate-moderne-kunst-0003-1.jpg\" title=\"\" alt=\"Mona Lisa Pastell modern handgemalt Gem\u00e4lde\" class=\"elementor-animation-grow\" loading=\"lazy\" \/>\t\t\t\t\t\t\t\t<\/a>\n\t\t\t\t\t\t\t\t\t\t\t\t\t\t\t<\/div>\n\t\t\t\t<\/div>\n\t\t\t\t<div class=\"elementor-element elementor-element-0492a0d elementor-widget elementor-widget-text-editor\" data-id=\"0492a0d\" data-element_type=\"widget\" data-widget_type=\"text-editor.default\">\n\t\t\t\t<div class=\"elementor-widget-container\">\n\t\t\t\t\t\t\t\t\t<p style=\"text-align: center;\"><a href=\"https:\/\/www.kunstloft.at\/5659-oel-gemaelde-mona-lisa-mag-es-bunt\/\" target=\"_blank\" rel=\"noopener\"><b>Handgemaltes \u00d6l Gem\u00e4lde XXL <br \/>&#8218;Mona Lisa mag es Bunt&#8216;<\/b><\/a><\/p>\t\t\t\t\t\t\t\t<\/div>\n\t\t\t\t<\/div>\n\t\t\t\t\t<\/div>\n\t\t<\/div>\n\t\t\t\t\t<\/div>\n\t\t<\/section>\n\t\t\t\t<section class=\"elementor-section elementor-top-section elementor-element elementor-element-d87e81e elementor-section-boxed elementor-section-height-default elementor-section-height-default\" data-id=\"d87e81e\" data-element_type=\"section\">\n\t\t\t\t\t\t<div class=\"elementor-container elementor-column-gap-default\">\n\t\t\t\t\t<div class=\"elementor-column elementor-col-100 elementor-top-column elementor-element elementor-element-637aa9f\" data-id=\"637aa9f\" data-element_type=\"column\">\n\t\t\t<div class=\"elementor-widget-wrap elementor-element-populated\">\n\t\t\t\t\t\t<div class=\"elementor-element elementor-element-f08f5f9 elementor-widget elementor-widget-spacer\" data-id=\"f08f5f9\" data-element_type=\"widget\" data-widget_type=\"spacer.default\">\n\t\t\t\t<div class=\"elementor-widget-container\">\n\t\t\t\t\t\t\t<div class=\"elementor-spacer\">\n\t\t\t<div class=\"elementor-spacer-inner\"><\/div>\n\t\t<\/div>\n\t\t\t\t\t\t<\/div>\n\t\t\t\t<\/div>\n\t\t\t\t\t<\/div>\n\t\t<\/div>\n\t\t\t\t\t<\/div>\n\t\t<\/section>\n\t\t\t\t<section class=\"elementor-section elementor-top-section elementor-element elementor-element-8b73361 elementor-section-boxed elementor-section-height-default elementor-section-height-default\" data-id=\"8b73361\" data-element_type=\"section\">\n\t\t\t\t\t\t<div class=\"elementor-container elementor-column-gap-default\">\n\t\t\t\t\t<div class=\"elementor-column elementor-col-100 elementor-top-column elementor-element elementor-element-e60edb4\" data-id=\"e60edb4\" data-element_type=\"column\" data-settings=\"{&quot;background_background&quot;:&quot;classic&quot;}\">\n\t\t\t<div class=\"elementor-widget-wrap elementor-element-populated\">\n\t\t\t\t\t\t<div class=\"elementor-element elementor-element-4667867 elementor-widget elementor-widget-text-editor\" data-id=\"4667867\" data-element_type=\"widget\" data-widget_type=\"text-editor.default\">\n\t\t\t\t<div class=\"elementor-widget-container\">\n\t\t\t\t\t\t\t\t\t<p><strong>Bildnachweis<\/strong>:\u00a0\u00a9 KunstLoft, \u00a9 WikiImages &#8211; Pixabay, \u00a9\u00a0Martijn_0716 &#8211; Pixabay, \u00a9 GDJ &#8211; Pixabay, \u00a9 Foundry &#8211; Pixabay<\/p>\t\t\t\t\t\t\t\t<\/div>\n\t\t\t\t<\/div>\n\t\t\t\t\t<\/div>\n\t\t<\/div>\n\t\t\t\t\t<\/div>\n\t\t<\/section>\n\t\t\t\t<\/div>\n\t\t","protected":false},"excerpt":{"rendered":"<p>Die Mona Lisa, ein Gem\u00e4lde von Leonardo da Vinci, ist zweifellos eines der bekanntesten Kunstwerke der Welt. Ihre mysteri\u00f6se Ausstrahlung und ihr r\u00e4tselhaftes L\u00e4cheln faszinieren die Menschen seit Jahrhunderten. Doch was macht dieses Meisterwerk so einzigartig und ber\u00fchmt?<\/p>\n","protected":false},"author":4,"featured_media":6068,"comment_status":"closed","ping_status":"closed","sticky":false,"template":"","format":"standard","meta":{"footnotes":""},"categories":[4],"tags":[],"class_list":["post-5681","post","type-post","status-publish","format-standard","has-post-thumbnail","hentry","category-kunstwissen"],"yoast_head":"<!-- This site is optimized with the Yoast SEO plugin v26.1.1 - https:\/\/yoast.com\/wordpress\/plugins\/seo\/ -->\n<title>Warum ist die Mona Lisa so ber\u00fchmt?<\/title>\n<meta name=\"description\" content=\"Wissen zum Angeben: Erfahren Sie die faszinierende Geschichte der Mona Lisa und wie das Gem\u00e4lde im Louvre zum bekanntesten Kunstwerk der Welt wurde.\" \/>\n<meta name=\"robots\" content=\"index, follow, max-snippet:-1, max-image-preview:large, max-video-preview:-1\" \/>\n<link rel=\"canonical\" href=\"https:\/\/www.kunstloft.at\/magazin\/mona-lisa-louvre-beruehmt\/\" \/>\n<meta property=\"og:locale\" content=\"de_DE\" \/>\n<meta property=\"og:type\" content=\"article\" \/>\n<meta property=\"og:title\" content=\"Warum ist die Mona Lisa so ber\u00fchmt?\" \/>\n<meta property=\"og:description\" content=\"Wissen zum Angeben: Erfahren Sie die faszinierende Geschichte der Mona Lisa und wie das Gem\u00e4lde im Louvre zum bekanntesten Kunstwerk der Welt wurde.\" \/>\n<meta property=\"og:url\" content=\"https:\/\/www.kunstloft.at\/magazin\/mona-lisa-louvre-beruehmt\/\" \/>\n<meta property=\"og:site_name\" content=\"KUNSTLOFT\" \/>\n<meta property=\"article:publisher\" content=\"https:\/\/de-de.facebook.com\/kunstloft\/\" \/>\n<meta property=\"article:published_time\" content=\"2023-07-29T08:27:00+00:00\" \/>\n<meta property=\"article:modified_time\" content=\"2023-08-28T15:05:06+00:00\" \/>\n<meta property=\"og:image\" content=\"https:\/\/www.kunstloft.at\/wordpress\/de_DE\/at\/wp-content\/uploads\/2023\/08\/da-vinci-g344f4f42c_12801.jpg\" \/>\n\t<meta property=\"og:image:width\" content=\"1280\" \/>\n\t<meta property=\"og:image:height\" content=\"853\" \/>\n\t<meta property=\"og:image:type\" content=\"image\/jpeg\" \/>\n<meta name=\"author\" content=\"Tamara\" \/>\n<meta name=\"twitter:card\" content=\"summary_large_image\" \/>\n<meta name=\"twitter:label1\" content=\"Verfasst von\" \/>\n\t<meta name=\"twitter:data1\" content=\"Tamara\" \/>\n\t<meta name=\"twitter:label2\" content=\"Gesch\u00e4tzte Lesezeit\" \/>\n\t<meta name=\"twitter:data2\" content=\"7 Minuten\" \/>\n<script type=\"application\/ld+json\" class=\"yoast-schema-graph\">{\"@context\":\"https:\/\/schema.org\",\"@graph\":[{\"@type\":\"Article\",\"@id\":\"https:\/\/www.kunstloft.at\/magazin\/mona-lisa-louvre-beruehmt\/#article\",\"isPartOf\":{\"@id\":\"https:\/\/www.kunstloft.at\/magazin\/mona-lisa-louvre-beruehmt\/\"},\"author\":{\"name\":\"Tamara\",\"@id\":\"https:\/\/www.kunstloft.at\/magazin\/#\/schema\/person\/4d7a2256aaa3cc52884b48374f5d12c8\"},\"headline\":\"Warum ist die Mona Lisa so ber\u00fchmt?\",\"datePublished\":\"2023-07-29T08:27:00+00:00\",\"dateModified\":\"2023-08-28T15:05:06+00:00\",\"mainEntityOfPage\":{\"@id\":\"https:\/\/www.kunstloft.at\/magazin\/mona-lisa-louvre-beruehmt\/\"},\"wordCount\":874,\"publisher\":{\"@id\":\"https:\/\/www.kunstloft.at\/magazin\/#organization\"},\"image\":{\"@id\":\"https:\/\/www.kunstloft.at\/magazin\/mona-lisa-louvre-beruehmt\/#primaryimage\"},\"thumbnailUrl\":\"https:\/\/www.kunstloft.at\/magazin\/wp-content\/uploads\/2023\/08\/da-vinci-g344f4f42c_12801.jpg\",\"articleSection\":[\"Kunstwissen\"],\"inLanguage\":\"de-AT\"},{\"@type\":\"WebPage\",\"@id\":\"https:\/\/www.kunstloft.at\/magazin\/mona-lisa-louvre-beruehmt\/\",\"url\":\"https:\/\/www.kunstloft.at\/magazin\/mona-lisa-louvre-beruehmt\/\",\"name\":\"Warum ist die Mona Lisa so ber\u00fchmt?\",\"isPartOf\":{\"@id\":\"https:\/\/www.kunstloft.at\/magazin\/#website\"},\"primaryImageOfPage\":{\"@id\":\"https:\/\/www.kunstloft.at\/magazin\/mona-lisa-louvre-beruehmt\/#primaryimage\"},\"image\":{\"@id\":\"https:\/\/www.kunstloft.at\/magazin\/mona-lisa-louvre-beruehmt\/#primaryimage\"},\"thumbnailUrl\":\"https:\/\/www.kunstloft.at\/magazin\/wp-content\/uploads\/2023\/08\/da-vinci-g344f4f42c_12801.jpg\",\"datePublished\":\"2023-07-29T08:27:00+00:00\",\"dateModified\":\"2023-08-28T15:05:06+00:00\",\"description\":\"Wissen zum Angeben: Erfahren Sie die faszinierende Geschichte der Mona Lisa und wie das Gem\u00e4lde im Louvre zum bekanntesten Kunstwerk der Welt wurde.\",\"breadcrumb\":{\"@id\":\"https:\/\/www.kunstloft.at\/magazin\/mona-lisa-louvre-beruehmt\/#breadcrumb\"},\"inLanguage\":\"de-AT\",\"potentialAction\":[{\"@type\":\"ReadAction\",\"target\":[\"https:\/\/www.kunstloft.at\/magazin\/mona-lisa-louvre-beruehmt\/\"]}]},{\"@type\":\"ImageObject\",\"inLanguage\":\"de-AT\",\"@id\":\"https:\/\/www.kunstloft.at\/magazin\/mona-lisa-louvre-beruehmt\/#primaryimage\",\"url\":\"https:\/\/www.kunstloft.at\/magazin\/wp-content\/uploads\/2023\/08\/da-vinci-g344f4f42c_12801.jpg\",\"contentUrl\":\"https:\/\/www.kunstloft.at\/magazin\/wp-content\/uploads\/2023\/08\/da-vinci-g344f4f42c_12801.jpg\",\"width\":1280,\"height\":853},{\"@type\":\"BreadcrumbList\",\"@id\":\"https:\/\/www.kunstloft.at\/magazin\/mona-lisa-louvre-beruehmt\/#breadcrumb\",\"itemListElement\":[{\"@type\":\"ListItem\",\"position\":1,\"name\":\"Startseite\",\"item\":\"https:\/\/www.kunstloft.at\/magazin\/\"},{\"@type\":\"ListItem\",\"position\":2,\"name\":\"Warum ist die Mona Lisa so ber\u00fchmt?\"}]},{\"@type\":\"WebSite\",\"@id\":\"https:\/\/www.kunstloft.at\/magazin\/#website\",\"url\":\"https:\/\/www.kunstloft.at\/magazin\/\",\"name\":\"KUNSTLOFT\",\"description\":\"Magazin\",\"publisher\":{\"@id\":\"https:\/\/www.kunstloft.at\/magazin\/#organization\"},\"potentialAction\":[{\"@type\":\"SearchAction\",\"target\":{\"@type\":\"EntryPoint\",\"urlTemplate\":\"https:\/\/www.kunstloft.at\/magazin\/?s={search_term_string}\"},\"query-input\":{\"@type\":\"PropertyValueSpecification\",\"valueRequired\":true,\"valueName\":\"search_term_string\"}}],\"inLanguage\":\"de-AT\"},{\"@type\":\"Organization\",\"@id\":\"https:\/\/www.kunstloft.at\/magazin\/#organization\",\"name\":\"KUNSTLOFT\",\"url\":\"https:\/\/www.kunstloft.at\/magazin\/\",\"logo\":{\"@type\":\"ImageObject\",\"inLanguage\":\"de-AT\",\"@id\":\"https:\/\/www.kunstloft.at\/magazin\/#\/schema\/logo\/image\/\",\"url\":\"https:\/\/www.kunstloft.at\/magazin\/wp-content\/uploads\/2022\/08\/Logo-Kunstloft-512x512-1.png\",\"contentUrl\":\"https:\/\/www.kunstloft.at\/magazin\/wp-content\/uploads\/2022\/08\/Logo-Kunstloft-512x512-1.png\",\"width\":512,\"height\":512,\"caption\":\"KUNSTLOFT\"},\"image\":{\"@id\":\"https:\/\/www.kunstloft.at\/magazin\/#\/schema\/logo\/image\/\"},\"sameAs\":[\"https:\/\/de-de.facebook.com\/kunstloft\/\",\"https:\/\/www.instagram.com\/kunstloft\/?hl=de\"]},{\"@type\":\"Person\",\"@id\":\"https:\/\/www.kunstloft.at\/magazin\/#\/schema\/person\/4d7a2256aaa3cc52884b48374f5d12c8\",\"name\":\"Tamara\",\"image\":{\"@type\":\"ImageObject\",\"inLanguage\":\"de-AT\",\"@id\":\"https:\/\/www.kunstloft.at\/magazin\/#\/schema\/person\/image\/\",\"url\":\"https:\/\/secure.gravatar.com\/avatar\/b251b28608a27805bf72e77541901c0f6f936bb1c7093b9d83d4dca32892bfab?s=96&d=mm&r=g\",\"contentUrl\":\"https:\/\/secure.gravatar.com\/avatar\/b251b28608a27805bf72e77541901c0f6f936bb1c7093b9d83d4dca32892bfab?s=96&d=mm&r=g\",\"caption\":\"Tamara\"},\"url\":\"https:\/\/www.kunstloft.at\/magazin\/author\/tamara_f\/\"}]}<\/script>\n<!-- \/ Yoast SEO plugin. -->","yoast_head_json":{"title":"Warum ist die Mona Lisa so ber\u00fchmt?","description":"Wissen zum Angeben: Erfahren Sie die faszinierende Geschichte der Mona Lisa und wie das Gem\u00e4lde im Louvre zum bekanntesten Kunstwerk der Welt wurde.","robots":{"index":"index","follow":"follow","max-snippet":"max-snippet:-1","max-image-preview":"max-image-preview:large","max-video-preview":"max-video-preview:-1"},"canonical":"https:\/\/www.kunstloft.at\/magazin\/mona-lisa-louvre-beruehmt\/","og_locale":"de_DE","og_type":"article","og_title":"Warum ist die Mona Lisa so ber\u00fchmt?","og_description":"Wissen zum Angeben: Erfahren Sie die faszinierende Geschichte der Mona Lisa und wie das Gem\u00e4lde im Louvre zum bekanntesten Kunstwerk der Welt wurde.","og_url":"https:\/\/www.kunstloft.at\/magazin\/mona-lisa-louvre-beruehmt\/","og_site_name":"KUNSTLOFT","article_publisher":"https:\/\/de-de.facebook.com\/kunstloft\/","article_published_time":"2023-07-29T08:27:00+00:00","article_modified_time":"2023-08-28T15:05:06+00:00","og_image":[{"width":1280,"height":853,"url":"https:\/\/www.kunstloft.at\/wordpress\/de_DE\/at\/wp-content\/uploads\/2023\/08\/da-vinci-g344f4f42c_12801.jpg","type":"image\/jpeg"}],"author":"Tamara","twitter_card":"summary_large_image","twitter_misc":{"Verfasst von":"Tamara","Gesch\u00e4tzte Lesezeit":"7 Minuten"},"schema":{"@context":"https:\/\/schema.org","@graph":[{"@type":"Article","@id":"https:\/\/www.kunstloft.at\/magazin\/mona-lisa-louvre-beruehmt\/#article","isPartOf":{"@id":"https:\/\/www.kunstloft.at\/magazin\/mona-lisa-louvre-beruehmt\/"},"author":{"name":"Tamara","@id":"https:\/\/www.kunstloft.at\/magazin\/#\/schema\/person\/4d7a2256aaa3cc52884b48374f5d12c8"},"headline":"Warum ist die Mona Lisa so ber\u00fchmt?","datePublished":"2023-07-29T08:27:00+00:00","dateModified":"2023-08-28T15:05:06+00:00","mainEntityOfPage":{"@id":"https:\/\/www.kunstloft.at\/magazin\/mona-lisa-louvre-beruehmt\/"},"wordCount":874,"publisher":{"@id":"https:\/\/www.kunstloft.at\/magazin\/#organization"},"image":{"@id":"https:\/\/www.kunstloft.at\/magazin\/mona-lisa-louvre-beruehmt\/#primaryimage"},"thumbnailUrl":"https:\/\/www.kunstloft.at\/magazin\/wp-content\/uploads\/2023\/08\/da-vinci-g344f4f42c_12801.jpg","articleSection":["Kunstwissen"],"inLanguage":"de-AT"},{"@type":"WebPage","@id":"https:\/\/www.kunstloft.at\/magazin\/mona-lisa-louvre-beruehmt\/","url":"https:\/\/www.kunstloft.at\/magazin\/mona-lisa-louvre-beruehmt\/","name":"Warum ist die Mona Lisa so ber\u00fchmt?","isPartOf":{"@id":"https:\/\/www.kunstloft.at\/magazin\/#website"},"primaryImageOfPage":{"@id":"https:\/\/www.kunstloft.at\/magazin\/mona-lisa-louvre-beruehmt\/#primaryimage"},"image":{"@id":"https:\/\/www.kunstloft.at\/magazin\/mona-lisa-louvre-beruehmt\/#primaryimage"},"thumbnailUrl":"https:\/\/www.kunstloft.at\/magazin\/wp-content\/uploads\/2023\/08\/da-vinci-g344f4f42c_12801.jpg","datePublished":"2023-07-29T08:27:00+00:00","dateModified":"2023-08-28T15:05:06+00:00","description":"Wissen zum Angeben: Erfahren Sie die faszinierende Geschichte der Mona Lisa und wie das Gem\u00e4lde im Louvre zum bekanntesten Kunstwerk der Welt wurde.","breadcrumb":{"@id":"https:\/\/www.kunstloft.at\/magazin\/mona-lisa-louvre-beruehmt\/#breadcrumb"},"inLanguage":"de-AT","potentialAction":[{"@type":"ReadAction","target":["https:\/\/www.kunstloft.at\/magazin\/mona-lisa-louvre-beruehmt\/"]}]},{"@type":"ImageObject","inLanguage":"de-AT","@id":"https:\/\/www.kunstloft.at\/magazin\/mona-lisa-louvre-beruehmt\/#primaryimage","url":"https:\/\/www.kunstloft.at\/magazin\/wp-content\/uploads\/2023\/08\/da-vinci-g344f4f42c_12801.jpg","contentUrl":"https:\/\/www.kunstloft.at\/magazin\/wp-content\/uploads\/2023\/08\/da-vinci-g344f4f42c_12801.jpg","width":1280,"height":853},{"@type":"BreadcrumbList","@id":"https:\/\/www.kunstloft.at\/magazin\/mona-lisa-louvre-beruehmt\/#breadcrumb","itemListElement":[{"@type":"ListItem","position":1,"name":"Startseite","item":"https:\/\/www.kunstloft.at\/magazin\/"},{"@type":"ListItem","position":2,"name":"Warum ist die Mona Lisa so ber\u00fchmt?"}]},{"@type":"WebSite","@id":"https:\/\/www.kunstloft.at\/magazin\/#website","url":"https:\/\/www.kunstloft.at\/magazin\/","name":"KUNSTLOFT","description":"Magazin","publisher":{"@id":"https:\/\/www.kunstloft.at\/magazin\/#organization"},"potentialAction":[{"@type":"SearchAction","target":{"@type":"EntryPoint","urlTemplate":"https:\/\/www.kunstloft.at\/magazin\/?s={search_term_string}"},"query-input":{"@type":"PropertyValueSpecification","valueRequired":true,"valueName":"search_term_string"}}],"inLanguage":"de-AT"},{"@type":"Organization","@id":"https:\/\/www.kunstloft.at\/magazin\/#organization","name":"KUNSTLOFT","url":"https:\/\/www.kunstloft.at\/magazin\/","logo":{"@type":"ImageObject","inLanguage":"de-AT","@id":"https:\/\/www.kunstloft.at\/magazin\/#\/schema\/logo\/image\/","url":"https:\/\/www.kunstloft.at\/magazin\/wp-content\/uploads\/2022\/08\/Logo-Kunstloft-512x512-1.png","contentUrl":"https:\/\/www.kunstloft.at\/magazin\/wp-content\/uploads\/2022\/08\/Logo-Kunstloft-512x512-1.png","width":512,"height":512,"caption":"KUNSTLOFT"},"image":{"@id":"https:\/\/www.kunstloft.at\/magazin\/#\/schema\/logo\/image\/"},"sameAs":["https:\/\/de-de.facebook.com\/kunstloft\/","https:\/\/www.instagram.com\/kunstloft\/?hl=de"]},{"@type":"Person","@id":"https:\/\/www.kunstloft.at\/magazin\/#\/schema\/person\/4d7a2256aaa3cc52884b48374f5d12c8","name":"Tamara","image":{"@type":"ImageObject","inLanguage":"de-AT","@id":"https:\/\/www.kunstloft.at\/magazin\/#\/schema\/person\/image\/","url":"https:\/\/secure.gravatar.com\/avatar\/b251b28608a27805bf72e77541901c0f6f936bb1c7093b9d83d4dca32892bfab?s=96&d=mm&r=g","contentUrl":"https:\/\/secure.gravatar.com\/avatar\/b251b28608a27805bf72e77541901c0f6f936bb1c7093b9d83d4dca32892bfab?s=96&d=mm&r=g","caption":"Tamara"},"url":"https:\/\/www.kunstloft.at\/magazin\/author\/tamara_f\/"}]}},"_links":{"self":[{"href":"https:\/\/www.kunstloft.at\/magazin\/wp-json\/wp\/v2\/posts\/5681","targetHints":{"allow":["GET"]}}],"collection":[{"href":"https:\/\/www.kunstloft.at\/magazin\/wp-json\/wp\/v2\/posts"}],"about":[{"href":"https:\/\/www.kunstloft.at\/magazin\/wp-json\/wp\/v2\/types\/post"}],"author":[{"embeddable":true,"href":"https:\/\/www.kunstloft.at\/magazin\/wp-json\/wp\/v2\/users\/4"}],"replies":[{"embeddable":true,"href":"https:\/\/www.kunstloft.at\/magazin\/wp-json\/wp\/v2\/comments?post=5681"}],"version-history":[{"count":12,"href":"https:\/\/www.kunstloft.at\/magazin\/wp-json\/wp\/v2\/posts\/5681\/revisions"}],"predecessor-version":[{"id":6164,"href":"https:\/\/www.kunstloft.at\/magazin\/wp-json\/wp\/v2\/posts\/5681\/revisions\/6164"}],"wp:featuredmedia":[{"embeddable":true,"href":"https:\/\/www.kunstloft.at\/magazin\/wp-json\/wp\/v2\/media\/6068"}],"wp:attachment":[{"href":"https:\/\/www.kunstloft.at\/magazin\/wp-json\/wp\/v2\/media?parent=5681"}],"wp:term":[{"taxonomy":"category","embeddable":true,"href":"https:\/\/www.kunstloft.at\/magazin\/wp-json\/wp\/v2\/categories?post=5681"},{"taxonomy":"post_tag","embeddable":true,"href":"https:\/\/www.kunstloft.at\/magazin\/wp-json\/wp\/v2\/tags?post=5681"}],"curies":[{"name":"wp","href":"https:\/\/api.w.org\/{rel}","templated":true}]}}